{"id":1247,"date":"2024-05-04T09:24:29","date_gmt":"2024-05-04T07:24:29","guid":{"rendered":"https:\/\/www.spielmannszug-greffen.de\/?p=1247"},"modified":"2024-05-04T09:33:40","modified_gmt":"2024-05-04T07:33:40","slug":"ehrungen-und-bauernmarkt-beim-spielmannszug-greffen","status":"publish","type":"post","link":"https:\/\/www.spielmannszug-greffen.de\/?p=1247","title":{"rendered":"Ehrungen und Bauernmarkt beim Spielmannszug Greffen"},"content":{"rendered":"\n<p>Vor einigen Wochen fand unsere allj\u00e4hrliche Generalversammlung statt. In diesem Rahmen wurden verdiente Mitglieder f\u00fcr ihre langj\u00e4hrige Treue geehrt.<\/p>\n\n\n\n<p>Eine besondere Anerkennung erhielten Helmut Wiedenl\u00fcbbert und Marius Langer f\u00fcr ihre beeindruckenden 50 Jahre aktive Mitgliedschaft im Verein. Der Vorsitzende Mario Fritsche \u00fcberreichte vom Verein die Urkunde f\u00fcr die 50-j\u00e4hrige Mitgliedschaft. Zus\u00e4tzlich erhielten die zwei Jubilare vom Volksmusikerbund NRW die Ehrenurkunde in Gold durch die 2. Vorsitzende Kira Wiedenl\u00fcbbert des Kreisverbandes Warendorf \u00fcberreicht. Ihre Leidenschaft f\u00fcr die Musik und ihre langj\u00e4hrige Bindung an den Verein sind f\u00fcr uns absolut inspirierend!<\/p>\n\n\n\n<p>Dar\u00fcber hinaus wurden Sarah Schumacher, Andreas Garnschr\u00f6der und Henning Bernzen f\u00fcr ihre 25-j\u00e4hrige aktive Mitgliedschaft sowie Florian Pelzhof und Jannik Illiges f\u00fcr ihre 10-j\u00e4hrige aktive Mitgliedschaft geehrt.<\/p>\n\n\n\n<p>Das vergangene Jahr war f\u00fcr uns von zahlreichen Auftritten und besonderen Ereignissen gepr\u00e4gt. H\u00f6hepunkt war der Besuch beim 100-j\u00e4hrigen Jubil\u00e4um des Spielmannszugs in Ahrweiler im Mai 2023, bei dem wir unsere musikalische Leidenschaft mit anderen Vereinen teilen konnten.<\/p>\n\n\n\n<p>F\u00fcr dieses Jahr ist der Terminkalender gut gef\u00fcllt. Ein H\u00f6hepunkt in 2024 ist die Ausrichtung des Greffener Bauernmarkts, der am 16. Juni 2024 auf dem Hof Hemkemeyer an der Beelener Stra\u00dfe ab 11 Uhr stattfindet und von uns organisiert wird.<\/p>\n\n\n\n<p>An diesem Tag werden verschiede regionale Produkte vorgestellt und angeboten, aber auch die Pr\u00e4sentation vom alten Handwerk geh\u00f6rt mit dazu wie auch das gro\u00dfe Bauerncaf\u00e9 mit selbst gebacken Kuchen und frischen Torten. Neben dem Kinder-Volkstanz darf auch unsere musikalische Begleitung nicht fehlen. <\/p>\n\n\n\n<p>Anmeldungen f\u00fcr interessierte H\u00e4ndler und Austeller nehmen wir noch gern entgegen.<br>Mehr Infos hier: <a href=\"https:\/\/www.spielmannszug-greffen.de\/?page_id=788\">Bauernmarkt 2024<\/a><\/p>\n\n\n<div class=\"wp-block-image\">\n<figure class=\"aligncenter size-medium\"><a href=\"https:\/\/www.spielmannszug-greffen.de\/wp-content\/uploads\/2024\/04\/Flyer-Plakat-Bauernmarkt-2024-01.png\"><img loading=\"lazy\" decoding=\"async\" width=\"212\" height=\"300\" src=\"https:\/\/www.spielmannszug-greffen.de\/wp-content\/uploads\/2024\/04\/Flyer-Plakat-Bauernmarkt-2024-01-212x300.png\" alt=\"\" class=\"wp-image-1241\" srcset=\"https:\/\/www.spielmannszug-greffen.de\/wp-content\/uploads\/2024\/04\/Flyer-Plakat-Bauernmarkt-2024-01-212x300.png 212w, https:\/\/www.spielmannszug-greffen.de\/wp-content\/uploads\/2024\/04\/Flyer-Plakat-Bauernmarkt-2024-01-724x1024.png 724w, https:\/\/www.spielmannszug-greffen.de\/wp-content\/uploads\/2024\/04\/Flyer-Plakat-Bauernmarkt-2024-01-768x1086.png 768w, https:\/\/www.spielmannszug-greffen.de\/wp-content\/uploads\/2024\/04\/Flyer-Plakat-Bauernmarkt-2024-01-1086x1536.png 1086w, https:\/\/www.spielmannszug-greffen.de\/wp-content\/uploads\/2024\/04\/Flyer-Plakat-Bauernmarkt-2024-01-1170x1655.png 1170w, https:\/\/www.spielmannszug-greffen.de\/wp-content\/uploads\/2024\/04\/Flyer-Plakat-Bauernmarkt-2024-01.png 1414w\" sizes=\"auto, (max-width: 212px) 100vw, 212px\" \/><\/a><\/figure>\n<\/div>","protected":false},"excerpt":{"rendered":"<p>Vor einigen Wochen fand unsere allj\u00e4hrliche Generalversammlung statt. In diesem Rahmen wurden verdiente Mitglieder f\u00fcr ihre langj\u00e4hrige Treue geehrt. Eine besondere Anerkennung erhielten Helmut Wiedenl\u00fcbbert und Marius Langer f\u00fcr ihre beeindruckenden 50 Jahre aktive Mitgliedschaft im Verein. Der Vorsitzende Mario&#8230;<br \/><a class=\"read-more-button\" href=\"https:\/\/www.spielmannszug-greffen.de\/?p=1247\">Mehr Lesen<\/a><\/p>\n","protected":false},"author":1,"featured_media":1249,"comment_status":"closed","ping_status":"closed","sticky":false,"template":"","format":"standard","meta":{"footnotes":""},"categories":[1],"tags":[],"class_list":["post-1247","post","type-post","status-publish","format-standard","has-post-thumbnail","hentry","category-allgemein"],"_links":{"self":[{"href":"https:\/\/www.spielmannszug-greffen.de\/index.php?rest_route=\/wp\/v2\/posts\/1247","targetHints":{"allow":["GET"]}}],"collection":[{"href":"https:\/\/www.spielmannszug-greffen.de\/index.php?rest_route=\/wp\/v2\/posts"}],"about":[{"href":"https:\/\/www.spielmannszug-greffen.de\/index.php?rest_route=\/wp\/v2\/types\/post"}],"author":[{"embeddable":true,"href":"https:\/\/www.spielmannszug-greffen.de\/index.php?rest_route=\/wp\/v2\/users\/1"}],"replies":[{"embeddable":true,"href":"https:\/\/www.spielmannszug-greffen.de\/index.php?rest_route=%2Fwp%2Fv2%2Fcomments&post=1247"}],"version-history":[{"count":2,"href":"https:\/\/www.spielmannszug-greffen.de\/index.php?rest_route=\/wp\/v2\/posts\/1247\/revisions"}],"predecessor-version":[{"id":1251,"href":"https:\/\/www.spielmannszug-greffen.de\/index.php?rest_route=\/wp\/v2\/posts\/1247\/revisions\/1251"}],"wp:featuredmedia":[{"embeddable":true,"href":"https:\/\/www.spielmannszug-greffen.de\/index.php?rest_route=\/wp\/v2\/media\/1249"}],"wp:attachment":[{"href":"https:\/\/www.spielmannszug-greffen.de\/index.php?rest_route=%2Fwp%2Fv2%2Fmedia&parent=1247"}],"wp:term":[{"taxonomy":"category","embeddable":true,"href":"https:\/\/www.spielmannszug-greffen.de\/index.php?rest_route=%2Fwp%2Fv2%2Fcategories&post=1247"},{"taxonomy":"post_tag","embeddable":true,"href":"https:\/\/www.spielmannszug-greffen.de\/index.php?rest_route=%2Fwp%2Fv2%2Ftags&post=1247"}],"curies":[{"name":"wp","href":"https:\/\/api.w.org\/{rel}","templated":true}]}}